{"id":36956,"date":"2016-03-10T17:21:59","date_gmt":"2016-03-10T23:21:59","guid":{"rendered":"http:\/\/news.medill.northwestern.edu\/chicago\/?p=36956"},"modified":"2016-03-11T11:43:41","modified_gmt":"2016-03-11T17:43:41","slug":"for-puerto-ricans-in-chicago-no-ones-an-island","status":"publish","type":"post","link":"https:\/\/news.medill.northwestern.edu\/chicago\/for-puerto-ricans-in-chicago-no-ones-an-island\/","title":{"rendered":"For Puerto Ricans in Chicago, no one&#8217;s an island"},"content":{"rendered":"<p><strong>By <a href=\"http:\/\/news.medill.northwestern.edu\/chicago\/?s=%22Hannah+Rank%22\" target=\"_blank\">Hannah Rank<\/a> and <a href=\"http:\/\/news.medill.northwestern.edu\/chicago\/?s=Rebekah+frumkin\" target=\"_blank\">Rebekah Frumkin<\/a><\/strong><\/p>\n<p class=\"dropcap\">Jose L\u00f3pez sits comfortably in his wicker chair as a February blizzard rages on outside, the wall behind him a collage of Puerto Rican literature and artifacts. When it comes to his homeland of Puerto Rico, L\u00f3pez has clear ambitions. He wants his countrymen to decide for themselves what their economic future should be, instead of being saddled with an uncontrollable debt they didn\u2019t solely create.<\/p>\n<p>\u201cPuerto Ricans need a constituent assembly where they decide what they want,\u201d L\u00f3pez says. \u201cYou could have a level of economic investment in Puerto Rico\u2019s future that could allow it to self-actualize as a nation-state.\u201d<\/p>\n<p>But he knows Puerto Ricans ultimately don\u2019t have the power to decide their future &#8211; it lies in the hands of the U.S. government.<\/p>\n<p><!--more--><\/p>\n<p>\u201cYou could ask any Puerto Rican what he wants or what she wants and it\u2019ll have no impact whatsoever. You\u2019re asking the wrong question,\u201d L\u00f3pez says. \u201cThe real question is, \u2018What does the United States want to do with Puerto Rico?\u2019 Because Puerto Rico belongs to, but is not a part of the U.S.\u201d<\/p>\n<figure id=\"attachment_37038\" aria-describedby=\"caption-attachment-37038\" style=\"width: 700px\" class=\"wp-caption aligncenter\"><img fetchpriority=\"high\" decoding=\"async\" class=\"size-full wp-image-37038\" src=\"http:\/\/news.medill.northwestern.edu\/chicago\/wp-content\/uploads\/sites\/3\/2016\/03\/INSTORYJoseLopez.jpg\" alt=\"JoseLopez\" width=\"700\" height=\"467\" srcset=\"https:\/\/s3.amazonaws.com\/medill.wordpress.offload\/WP%20Media%20Folder%20-%20medill-reports-chicago\/wp-content\/uploads\/sites\/3\/2016\/03\/INSTORYJoseLopez.jpg 700w, https:\/\/s3.amazonaws.com\/medill.wordpress.offload\/WP%20Media%20Folder%20-%20medill-reports-chicago\/wp-content\/uploads\/sites\/3\/2016\/03\/INSTORYJoseLopez-300x200.jpg 300w\" sizes=\"(max-width: 700px) 100vw, 700px\" \/><figcaption id=\"caption-attachment-37038\" class=\"wp-caption-text\">Jose L\u00f3pez envisions a fully autonomous future for his native Puerto Rico. (Hannah Rank\/MEDILL)<\/figcaption><\/figure>\n<p class=\"dropcap\">L\u00f3pez runs the Puerto Rican Cultural Center (PRCC), an institution in the Humboldt Park neighborhood of Chicago. L\u00f3pez established the PRCC in 1973 with his brother, well-known Puerto Rican nationalist Oscar L\u00f3pez-Rivera. L\u00f3pez-Rivera is currently serving a 55-year sentence for seditious conspiracy,\u00a0similar to charges faced by South Africa\u2019s Nelson Mandela in his fight against apartheid.<\/p>\n<p>The issue of Puerto Rico\u2019s status is top of mind for Chicago\u2019s Puerto Rican politicians, who don\u2019t always agree on whether the island should become a U.S. state or an independent country.<\/p>\n<div id=\"related\">\n<h2>Read part two<\/h2>\n<p><a href=\"http:\/\/wp.me\/p5dTAg-9Al\" target=\"_blank\">What price statehood? For some Puerto Ricans, a loss of independence<\/a><\/p>\n<\/div>\n<p>\u201cFree Puerto Rico so she can solve the problem of her crushing debt without being handcuffed by Congress, its distant and inattentive colonial master,\u201d Rep. Luis Guti\u00e9rrez (D-Ill.) said in a Feb. 11 speech to the House of Representatives calling for Puerto Rico\u2019s independence and action to alleviate the island\u2019s $72 billion debt crisis.<\/p>\n<p>The expansive, wood-paneled House chamber is a pivotal place for the island of Puerto Rico. It is a room where many of the political decisions affecting Puerto Ricans are made. It is a room where Puerto Ricans have no vote and are not represented save for one\u00a0non-voting resident commissioner.<\/p>\n<div class=\"quoteright\">\u201cFree Puerto Rico so she can solve the problem of her crushing debt without being handcuffed by Congress, its distant and inattentive colonial master.&#8221; -Rep. Luis Guti\u00e9rrez<\/div>\n<p>It is also in this room that Congress passed the Jones Act of 1920,\u00a0which resulted in heavily taxed imports that make the cost of living unbearably high for many residents there. It\u2019s where Congress passed the 1950 Puerto Rico Federal Relations law that eventually established the island\u2019s status as a \u201cfree associated state\u201d \u2014 belonging to but not part of the United States. It\u2019s where some members of Congress may soon form a\u00a0<a href=\"http:\/\/www.bloomberg.com\/politics\/articles\/2016-02-01\/puerto-rico-faces-growing-prospect-of-financial-control-board\" target=\"_blank\">\u201cfinancial control board\u201d<\/a>\u00a0to review the island\u2019s finances.<\/p>\n<p>Guti\u00e9rrez knows the Puerto Rican voting bloc in the U.S. has the potential to turn the island\u2019s debt crisis into a topic of national conversation during the 2016 presidential election. He and other elected officials,\u00a0including State Sen. Iris Martinez (D-20th), 30th ward Ald. Ariel Reboyras and 35th ward Ald. Carlos Ramirez-Rosa, <a href=\"http:\/\/news.medill.northwestern.edu\/chicago\/political-leaders-establish-puerto-rican-agenda-for-2016-elections\/\" target=\"_blank\">met<\/a> recently to discuss political mobilization.<\/p>\n<figure id=\"attachment_37110\" aria-describedby=\"caption-attachment-37110\" style=\"width: 366px\" class=\"wp-caption aligncenter\"><img decoding=\"async\" class=\"size-full wp-image-37110\" src=\"http:\/\/news.medill.northwestern.edu\/chicago\/wp-content\/uploads\/sites\/3\/2016\/03\/06Gutierrez-2.jpg\" alt=\"Rep. Luis Guti\u00e9rrez (D-Ill.), who is of Puerto Rican descent, has been pressuring congress to take action in alleviating the island's debt.\" width=\"366\" height=\"500\" srcset=\"https:\/\/news.medill.northwestern.edu\/chicago\/wp-content\/uploads\/sites\/3\/2016\/03\/06Gutierrez-2.jpg 366w, https:\/\/news.medill.northwestern.edu\/chicago\/wp-content\/uploads\/sites\/3\/2016\/03\/06Gutierrez-2-220x300.jpg 220w\" sizes=\"(max-width: 366px) 100vw, 366px\" \/><figcaption id=\"caption-attachment-37110\" class=\"wp-caption-text\">Rep. Luis Guti\u00e9rrez (D-Ill.), who is of Puerto Rican descent, has been pressuring Congress to take action in alleviating the island&#8217;s debt. (Hannah Rank\/MEDILL)<\/figcaption><\/figure>\n<p>The leaders are pressuring House Speaker Paul Ryan (R-Wisc.) to make good on his promise to push along legislation by the end of March that addresses Puerto Rico\u2019s debt challenges. The proposed <a href=\"https:\/\/www.congress.gov\/bill\/114th-congress\/senate-bill\/2381?q=%7B%22search%22%3A%5B%22Puerto+Rico+Relief+Bill%22%5D%7D&amp;resultIndex=3\" target=\"_blank\">legislation<\/a> has been stalled while those in Congress deliberate on how to address the debt \u2013 will they allow Puerto Rico bankruptcy protections? Will they offer federal aid? The clock is ticking. Puerto Rico has already defaulted on $174 million in debt payments, with officials on the island warning they will soon run out of money to pay expectant bondholders, a majority of whom are from the United States.<\/p>\n<p>In Chicago, much of the Puerto Rican\u00a0diaspora is concentrated in Humboldt Park. The community\u2019s centerpiece is its Paseo Boricua, \u201cPuerto Rican Promenade,\u201d a stretch of Division Street between California and Western Avenues, demarcated by giant\u00a0red-and-blue-painted\u00a0steel Puerto Rican flags. The flags were erected in 1995 in honor of the 1.5 million Puerto Ricans who came to the mainland between 1946 and 1966, many of whom worked in the steel industry.<\/p>\n<p>For cultural leaders here, the question of Puerto\u00a0Rico\u2019s political status has implications that range beyond the economic.<\/p>\n<p>L\u00f3pez, for example, is thinking bigger than the political categories of statehood versus independence. He wants autonomy for the island, and he also wants North America to display the same border flexibility for migration that it does for trade. He envisions a European Union-like confederacy for the Americas whereby\u00a0all Latin Americans are afforded the right to move across borders without reprisal.<\/p>\n<p>\u201cWhat I\u2019m proposing here is if the United States in the last 30 years or so has been promoting the free flow of trade across Latin America, you better start talking about the free-flow of people across borders,\u201d L\u00f3pez contends. \u201cIf you did that, immediately it would solve the issue of Puerto Rico. Because that would mean Puerto Ricans have all the access to the Americas.\u201d<\/p>\n<p>In the Hermosa neighborhood northwest of L\u00f3pez\u2019s PRCC office sits another stronghold of Chicago&#8217;s Puerto Rican diaspora: the Segundo Ruiz Belvis Cultural Center. Director Omar Torres-Kortright, 38, came to Chicago after graduating from the University of Puerto Rico with degrees in Hispanic studies and art history. Torres says he saw his transition to the mainland as an act of immigration, not migration.<\/p>\n<p>\u201cMy experience was that of an immigrant,\u201d Torres-Kortright says. \u201cI came from a country that speaks 100 percent Spanish, I grew up speaking Spanish, my culture is very different from the culture of the United States. So I had to adapt as an immigrant.\u201d<\/p>\n<figure id=\"attachment_37045\" aria-describedby=\"caption-attachment-37045\" style=\"width: 700px\" class=\"wp-caption aligncenter\"><img decoding=\"async\" class=\"size-full wp-image-37045\" src=\"http:\/\/news.medill.northwestern.edu\/chicago\/wp-content\/uploads\/sites\/3\/2016\/03\/OmarTorres.jpg\" alt=\"Puerto Rico native Omar Torres-Kortright considers his move to Chicago the experience of an immigrant: &quot;I grew up speaking Spanish, my culture is very different from the culture of the United States,&quot; he says.\" width=\"700\" height=\"467\" srcset=\"https:\/\/news.medill.northwestern.edu\/chicago\/wp-content\/uploads\/sites\/3\/2016\/03\/OmarTorres.jpg 700w, https:\/\/news.medill.northwestern.edu\/chicago\/wp-content\/uploads\/sites\/3\/2016\/03\/OmarTorres-300x200.jpg 300w\" sizes=\"(max-width: 700px) 100vw, 700px\" \/><figcaption id=\"caption-attachment-37045\" class=\"wp-caption-text\">Puerto Rico native Omar Torres-Kortright considers his move to Chicago the experience of an immigrant: &#8220;I grew up speaking Spanish, my culture is very different from the culture of the United States.&#8221; (Hannah Rank\/MEDILL)<\/figcaption><\/figure>\n<p>Independence makes most sense to Torres-Kortright because it means severing colonial ties with the United States,\u00a0which would eliminate the cycle of exploitation.<\/p>\n<p>\u201cIt\u2019s like, \u2018We want you to be sovereign, but we don\u2019t want you to be sovereign, and you are sovereign when it\u2019s convenient and you\u2019re not sovereign when it\u2019s convenient,\u2019\u201d Torres-Kortright explains. \u201cI feel strongly that Puerto Rico would be in a much better position as an independent country.\u201d<\/p>\n<p>He says a lot of his friends are surprised he isn\u2019t pro-statehood, especially given the fact the independence movement is in the political minority on the island.<\/p>\n<p>\u201cI honestly think that statehood is a dream for many people, but it can never pass Congress, and the United States political system will never allow it,\u201d Torres-Kortright says.<\/p>\n<p class=\"dropcap\">Melissa Hernandez can be seen most nights handing out food and clean needles to homeless drug addicts in the streets of Humboldt Park, Little Village and Back of the Yards, popular settlement spots for Puerto Ricans in Chicago.\u00a0A majority of the people she helps are from the United States, but some come\u00a0from the island, which is\u00a0<a href=\"http:\/\/www.telesurtv.net\/english\/opinion\/Debt-and-Drugs-A-Toxic-Colonial-Legacy-for-Puerto-Rico-20160222-0015.html\" target=\"_blank\">slashing funding<\/a>\u00a0for healthcare and rehabilitation services.<\/p>\n<p>A former drug addict who now works as a dental assistant, Hernandez founded the <a href=\"https:\/\/www.facebook.com\/The-Puerto-RICO-Project-1480117202307584\/\" target=\"_blank\">Puerto RICO Project<\/a>, an NGO that offers harm-reduction services to homeless Chicagoans struggling with drug addiction. Hernandez regularly updates the Puerto RICO Project\u2019s Facebook page with vivid accounts of her nights on the streets and her own emotional struggles, calling for\u00a0<a href=\"http:\/\/www.theguardian.com\/world\/2013\/jul\/15\/puerto-rick-health-crisis-heroin-drugs\" target=\"_blank\">more help<\/a>\u00a0for those struggling with drug addiction and poverty here and in Puerto Rico.<\/p>\n<figure id=\"attachment_37051\" aria-describedby=\"caption-attachment-37051\" style=\"width: 700px\" class=\"wp-caption aligncenter\"><img loading=\"lazy\" decoding=\"async\" class=\"size-full wp-image-37051\" src=\"http:\/\/news.medill.northwestern.edu\/chicago\/wp-content\/uploads\/sites\/3\/2016\/03\/INSTORYMelissaHernandez.jpg\" alt=\"Melissa Hernandez, who is Puerto Rican but grew up in Chicago, sees the benefits of both statehood and independence but is wary of all political definitions. \" width=\"700\" height=\"499\" srcset=\"https:\/\/s3.amazonaws.com\/medill.wordpress.offload\/WP%20Media%20Folder%20-%20medill-reports-chicago\/wp-content\/uploads\/sites\/3\/2016\/03\/INSTORYMelissaHernandez.jpg 700w, https:\/\/s3.amazonaws.com\/medill.wordpress.offload\/WP%20Media%20Folder%20-%20medill-reports-chicago\/wp-content\/uploads\/sites\/3\/2016\/03\/INSTORYMelissaHernandez-300x214.jpg 300w\" sizes=\"(max-width: 700px) 100vw, 700px\" \/><figcaption id=\"caption-attachment-37051\" class=\"wp-caption-text\">Melissa Hernandez, who is Puerto Rican but grew up in Chicago, sees the benefits of both statehood and independence, but is wary of all political definitions. (Photo taken by Andrea Bolivar)<\/figcaption><\/figure>\n<p>Hernandez is Puerto Rican, but she was born and raised in Chicago and grew up in poverty. She suffered sexual abuse as a child, became an addict in her adolescence and survived human trafficking. Her political opinions waffle between statehood and independence; she says it\u2019s hard for her to align herself to any political system.<\/p>\n<p>\u201cIf P.R. becomes independent, I know that people will lose their Social Security benefits, law enforcement support, federal aid,\u201d Hernandez says.<\/p>\n<div class=\"quoteright\">\u201cPeople should go back to their indigenous way of life and screw politics and this slave system.&#8221; &#8211; Melissa Hernandez<\/div>\n<p>She worries if the meager support the U.S government provides were to suddenly disappear, Puerto Ricans wouldn\u2019t be prepared.<\/p>\n<p>\u201cP.R.\u2019s institutions are oppressed, affordable housing and governmental assistance has become a way of life,\u201d she says.\u00a0\u201cPeople should go back to their indigenous way of life and screw politics and this slave system.\u201d<\/p>\n<p>Straddling the culture of his forebears and his constituents here in the Chicago area,\u00a0Guti\u00e9rrez, too, says Puerto Rico should be set free \u201cso that the Puerto Rican people can free themselves.\u201d<\/p>\n<div class=\"featurecaption\">Photo at top: Steel flags demarcate the Paseo Boricua, &#8220;Puerto Rican Promenade,&#8221; on Division Street in Humboldt Park. (Rebekah Frumkin\/MEDILL)<\/div>\n<div class=\"wpmf-gallerys wpmf-gallerys-life\"><div id=\"gallery-1\" class=\"gallery gallery_life wpmf_gallery_default gallery_default none gallery-columns-3 gallery-size-thumbnail gallery-link-post wpmf-has-border-radius-0 wpmf-gutterwidth-5 no_ratio\"><figure class=\"wpmf-gallery-item\" data-index=\"0\"><div class=\"wpmf-gallery-icon\"><div class=\"square_thumbnail\"><div class=\"img_centered\"><a class=\" not_video noLightbox\" data-lightbox=\"0\" data-href=\"https:\/\/s3.amazonaws.com\/medill.wordpress.offload\/WP%20Media%20Folder%20-%20medill-reports-chicago\/wp-content\/uploads\/sites\/3\/2016\/03\/00MainPhoto-1-1024x726.jpg\" title=\"00MainPhoto\" target=\"_self\" data-index=\"0\"><img decoding=\"async\" class=\"wpmf_img\" alt=\"00MainPhoto\" src=\"https:\/\/s3.amazonaws.com\/medill.wordpress.offload\/WP%20Media%20Folder%20-%20medill-reports-chicago\/wp-content\/uploads\/sites\/3\/2016\/03\/00MainPhoto-1-150x150.jpg\" data-type=\"wpmfgalleryimg\" data-lazy-src=\"https:\/\/s3.amazonaws.com\/medill.wordpress.offload\/WP%20Media%20Folder%20-%20medill-reports-chicago\/wp-content\/uploads\/sites\/3\/2016\/03\/00MainPhoto-1-150x150.jpg\"><\/a><\/div><\/div><\/div><figcaption class=\"wp-caption-text gallery-caption\">&#8220;Sea of Flags,&#8221; a mural by  Gamaliel Ramirez, which resides in Humboldt Park on Division. The mural depicts the Fiesta Boricua Labor Day Weekend parade  in Humboldt Park. (Rebekah Frumkin\/MEDILL)<\/figcaption><\/figure><figure class=\"wpmf-gallery-item\" data-index=\"1\"><div class=\"wpmf-gallery-icon\"><div class=\"square_thumbnail\"><div class=\"img_centered\"><a class=\" not_video noLightbox\" data-lightbox=\"0\" data-href=\"https:\/\/news.medill.northwestern.edu\/chicago\/wp-content\/uploads\/sites\/3\/2016\/03\/02OscarHead.jpg\" title=\"02OscarHead\" target=\"_self\" data-index=\"1\"><img decoding=\"async\" class=\"wpmf_img\" alt=\"02OscarHead\" src=\"https:\/\/news.medill.northwestern.edu\/chicago\/wp-content\/uploads\/sites\/3\/2016\/03\/02OscarHead-150x150.jpg\" data-type=\"wpmfgalleryimg\" data-lazy-src=\"https:\/\/news.medill.northwestern.edu\/chicago\/wp-content\/uploads\/sites\/3\/2016\/03\/02OscarHead-150x150.jpg\"><\/a><\/div><\/div><\/div><figcaption class=\"wp-caption-text gallery-caption\">A papier mache bust of political prisoner Oscar L\u00f3pez-Rivera rests on a ledge in the home of Oscar&#8217;s niece, Lourdes Lugo. (Rebekah Frumkin\/MEDILL)<\/figcaption><\/figure><figure class=\"wpmf-gallery-item\" data-index=\"2\"><div class=\"wpmf-gallery-icon\"><div class=\"square_thumbnail\"><div class=\"img_centered\"><a class=\" not_video noLightbox\" data-lightbox=\"0\" data-href=\"https:\/\/s3.amazonaws.com\/medill.wordpress.offload\/WP%20Media%20Folder%20-%20medill-reports-chicago\/wp-content\/uploads\/sites\/3\/2016\/03\/03HomeofNeice.jpg\" title=\"03HomeofNeice\" target=\"_self\" data-index=\"2\"><img decoding=\"async\" class=\"wpmf_img\" alt=\"03HomeofNeice\" src=\"https:\/\/s3.amazonaws.com\/medill.wordpress.offload\/WP%20Media%20Folder%20-%20medill-reports-chicago\/wp-content\/uploads\/sites\/3\/2016\/03\/03HomeofNeice-150x150.jpg\" data-type=\"wpmfgalleryimg\" data-lazy-src=\"https:\/\/s3.amazonaws.com\/medill.wordpress.offload\/WP%20Media%20Folder%20-%20medill-reports-chicago\/wp-content\/uploads\/sites\/3\/2016\/03\/03HomeofNeice-150x150.jpg\"><\/a><\/div><\/div><\/div><figcaption class=\"wp-caption-text gallery-caption\">Photos and artistic depictions of Puerto Rican nationalist Oscar L\u00f3pez-Rivera hang on the wall in the home of Lourdes Lugo. (Rebekah Frumkin\/MEDILL)<\/figcaption><\/figure><figure class=\"wpmf-gallery-item\" data-index=\"3\"><div class=\"wpmf-gallery-icon\"><div class=\"square_thumbnail\"><div class=\"img_centered\"><a class=\" not_video noLightbox\" data-lightbox=\"0\" data-href=\"https:\/\/news.medill.northwestern.edu\/chicago\/wp-content\/uploads\/sites\/3\/2016\/03\/04BelvizMural.jpg\" title=\"04BelvizMural\" target=\"_self\" data-index=\"3\"><img decoding=\"async\" class=\"wpmf_img\" alt=\"04BelvizMural\" src=\"https:\/\/news.medill.northwestern.edu\/chicago\/wp-content\/uploads\/sites\/3\/2016\/03\/04BelvizMural-150x150.jpg\" data-type=\"wpmfgalleryimg\" data-lazy-src=\"https:\/\/news.medill.northwestern.edu\/chicago\/wp-content\/uploads\/sites\/3\/2016\/03\/04BelvizMural-150x150.jpg\"><\/a><\/div><\/div><\/div><figcaption class=\"wp-caption-text gallery-caption\">On a wall of Segundo Ruiz Belviz Cultural Center hangs the mural series painted in 1971 by Chicago artist and activist John Pitman Weber. The series depicts scenes from the civil rights movement. One painting portrays the Young Lords, a Puerto Rican nationalist group from Chicago. (Hannah Rank\/MEDILL)<\/figcaption><\/figure><figure class=\"wpmf-gallery-item\" data-index=\"4\"><div class=\"wpmf-gallery-icon\"><div class=\"square_thumbnail\"><div class=\"img_centered\"><a class=\" not_video noLightbox\" data-lightbox=\"0\" data-href=\"https:\/\/s3.amazonaws.com\/medill.wordpress.offload\/WP%20Media%20Folder%20-%20medill-reports-chicago\/wp-content\/uploads\/sites\/3\/2016\/03\/05PRHomeless.jpg\" title=\"05PRHomeless\" target=\"_self\" data-index=\"4\"><img decoding=\"async\" class=\"wpmf_img\" alt=\"05PRHomeless\" src=\"https:\/\/s3.amazonaws.com\/medill.wordpress.offload\/WP%20Media%20Folder%20-%20medill-reports-chicago\/wp-content\/uploads\/sites\/3\/2016\/03\/05PRHomeless-150x150.jpg\" data-type=\"wpmfgalleryimg\" data-lazy-src=\"https:\/\/s3.amazonaws.com\/medill.wordpress.offload\/WP%20Media%20Folder%20-%20medill-reports-chicago\/wp-content\/uploads\/sites\/3\/2016\/03\/05PRHomeless-150x150.jpg\"><\/a><\/div><\/div><\/div><figcaption class=\"wp-caption-text gallery-caption\">Melissa Hernandez offers food and harm reduction services to the homeless in Chicago through her NGO the Puerto RICO project. (Photo by Melissa Hernandez)<\/figcaption><\/figure><\/div><\/div>\n","protected":false},"excerpt":{"rendered":"<p>By Hannah Rank and Rebekah Frumkin Jose L\u00f3pez sits comfortably in his wicker chair as a February blizzard rages on outside, the wall behind him a collage of Puerto Rican literature and artifacts. When it comes to his homeland of Puerto Rico, L\u00f3pez has clear ambitions. He wants his countrymen to decide for themselves what [&hellip;]<\/p>\n","protected":false},"author":212,"featured_media":37093,"comment_status":"closed","ping_status":"closed","sticky":false,"template":"","format":"standard","meta":{"footnotes":""},"categories":[452,28,30,675,585],"tags":[61,2290,2285,2283,2288,2286,2284,2265,2287,2289,192,2273,1811,2291],"class_list":["post-36956","post","type-post","status-publish","format-standard","has-post-thumbnail","hentry","category-beyond-chicago","category-general-interest","category-public-affairs","category-social-justice","category-winter-2016","tag-chicago","tag-chicago-puerto-rico","tag-debt-crisis-puerto-rico","tag-gutierrez","tag-hermosa","tag-humboldt-park","tag-jose-lopez","tag-oscar-lopez-rivera","tag-paseo-boricua","tag-paul-ryan","tag-promo","tag-puerto-rican-debt-crisis","tag-puerto-rico","tag-puerto-rico-project"],"yoast_head":"<!-- This site is optimized with the Yoast SEO plugin v26.6 - https:\/\/yoast.com\/wordpress\/plugins\/seo\/ -->\n<title>For Puerto Ricans in Chicago, no one&#039;s an island - Medill Reports Chicago<\/title>\n<meta name=\"robots\" content=\"index, follow, max-snippet:-1, max-image-preview:large, max-video-preview:-1\" \/>\n<link rel=\"canonical\" href=\"https:\/\/news.medill.northwestern.edu\/chicago\/for-puerto-ricans-in-chicago-no-ones-an-island\/\" \/>\n<meta property=\"og:locale\" content=\"en_US\" \/>\n<meta property=\"og:type\" content=\"article\" \/>\n<meta property=\"og:title\" content=\"For Puerto Ricans in Chicago, no one&#039;s an island - Medill Reports Chicago\" \/>\n<meta property=\"og:description\" content=\"By Hannah Rank and Rebekah Frumkin Jose L\u00f3pez sits comfortably in his wicker chair as a February blizzard rages on outside, the wall behind him a collage of Puerto Rican literature and artifacts. When it comes to his homeland of Puerto Rico, L\u00f3pez has clear ambitions. He wants his countrymen to decide for themselves what [&hellip;]\" \/>\n<meta property=\"og:url\" content=\"https:\/\/news.medill.northwestern.edu\/chicago\/for-puerto-ricans-in-chicago-no-ones-an-island\/\" \/>\n<meta property=\"og:site_name\" content=\"Medill Reports Chicago\" \/>\n<meta property=\"article:published_time\" content=\"2016-03-10T23:21:59+00:00\" \/>\n<meta property=\"article:modified_time\" content=\"2016-03-11T17:43:41+00:00\" \/>\n<meta property=\"og:image\" content=\"https:\/\/s3.amazonaws.com\/medill.wordpress.offload\/WP%20Media%20Folder%20-%20medill-reports-chicago\/wp-content\/uploads\/sites\/3\/2016\/03\/01SteelFlags-e1457644510584.jpg\" \/>\n\t<meta property=\"og:image:width\" content=\"1000\" \/>\n\t<meta property=\"og:image:height\" content=\"650\" \/>\n\t<meta property=\"og:image:type\" content=\"image\/jpeg\" \/>\n<meta name=\"author\" content=\"hannahrank\" \/>\n<meta name=\"twitter:card\" content=\"summary_large_image\" \/>\n<meta name=\"twitter:label1\" content=\"Written by\" \/>\n\t<meta name=\"twitter:data1\" content=\"hannahrank\" \/>\n\t<meta name=\"twitter:label2\" content=\"Est. reading time\" \/>\n\t<meta name=\"twitter:data2\" content=\"8 minutes\" \/>\n<script type=\"application\/ld+json\" class=\"yoast-schema-graph\">{\"@context\":\"https:\/\/schema.org\",\"@graph\":[{\"@type\":\"WebPage\",\"@id\":\"https:\/\/news.medill.northwestern.edu\/chicago\/for-puerto-ricans-in-chicago-no-ones-an-island\/\",\"url\":\"https:\/\/news.medill.northwestern.edu\/chicago\/for-puerto-ricans-in-chicago-no-ones-an-island\/\",\"name\":\"For Puerto Ricans in Chicago, no one's an island - Medill Reports Chicago\",\"isPartOf\":{\"@id\":\"https:\/\/news.medill.northwestern.edu\/chicago\/#website\"},\"primaryImageOfPage\":{\"@id\":\"https:\/\/news.medill.northwestern.edu\/chicago\/for-puerto-ricans-in-chicago-no-ones-an-island\/#primaryimage\"},\"image\":{\"@id\":\"https:\/\/news.medill.northwestern.edu\/chicago\/for-puerto-ricans-in-chicago-no-ones-an-island\/#primaryimage\"},\"thumbnailUrl\":\"https:\/\/s3.amazonaws.com\/medill.wordpress.offload\/WP%20Media%20Folder%20-%20medill-reports-chicago\/wp-content\/uploads\/sites\/3\/2016\/03\/01SteelFlags-e1457644510584.jpg\",\"datePublished\":\"2016-03-10T23:21:59+00:00\",\"dateModified\":\"2016-03-11T17:43:41+00:00\",\"author\":{\"@id\":\"https:\/\/news.medill.northwestern.edu\/chicago\/#\/schema\/person\/e02e4816508e687a1a47da6f60c6a8c2\"},\"breadcrumb\":{\"@id\":\"https:\/\/news.medill.northwestern.edu\/chicago\/for-puerto-ricans-in-chicago-no-ones-an-island\/#breadcrumb\"},\"inLanguage\":\"en-US\",\"potentialAction\":[{\"@type\":\"ReadAction\",\"target\":[\"https:\/\/news.medill.northwestern.edu\/chicago\/for-puerto-ricans-in-chicago-no-ones-an-island\/\"]}]},{\"@type\":\"ImageObject\",\"inLanguage\":\"en-US\",\"@id\":\"https:\/\/news.medill.northwestern.edu\/chicago\/for-puerto-ricans-in-chicago-no-ones-an-island\/#primaryimage\",\"url\":\"https:\/\/s3.amazonaws.com\/medill.wordpress.offload\/WP%20Media%20Folder%20-%20medill-reports-chicago\/wp-content\/uploads\/sites\/3\/2016\/03\/01SteelFlags-e1457644510584.jpg\",\"contentUrl\":\"https:\/\/s3.amazonaws.com\/medill.wordpress.offload\/WP%20Media%20Folder%20-%20medill-reports-chicago\/wp-content\/uploads\/sites\/3\/2016\/03\/01SteelFlags-e1457644510584.jpg\",\"width\":1000,\"height\":650},{\"@type\":\"BreadcrumbList\",\"@id\":\"https:\/\/news.medill.northwestern.edu\/chicago\/for-puerto-ricans-in-chicago-no-ones-an-island\/#breadcrumb\",\"itemListElement\":[{\"@type\":\"ListItem\",\"position\":1,\"name\":\"Home\",\"item\":\"https:\/\/news.medill.northwestern.edu\/chicago\/\"},{\"@type\":\"ListItem\",\"position\":2,\"name\":\"For Puerto Ricans in Chicago, no one&#8217;s an island\"}]},{\"@type\":\"WebSite\",\"@id\":\"https:\/\/news.medill.northwestern.edu\/chicago\/#website\",\"url\":\"https:\/\/news.medill.northwestern.edu\/chicago\/\",\"name\":\"Medill Reports Chicago\",\"description\":\"\",\"potentialAction\":[{\"@type\":\"SearchAction\",\"target\":{\"@type\":\"EntryPoint\",\"urlTemplate\":\"https:\/\/news.medill.northwestern.edu\/chicago\/?s={search_term_string}\"},\"query-input\":{\"@type\":\"PropertyValueSpecification\",\"valueRequired\":true,\"valueName\":\"search_term_string\"}}],\"inLanguage\":\"en-US\"},{\"@type\":\"Person\",\"@id\":\"https:\/\/news.medill.northwestern.edu\/chicago\/#\/schema\/person\/e02e4816508e687a1a47da6f60c6a8c2\",\"name\":\"hannahrank\",\"image\":{\"@type\":\"ImageObject\",\"inLanguage\":\"en-US\",\"@id\":\"https:\/\/news.medill.northwestern.edu\/chicago\/#\/schema\/person\/image\/\",\"url\":\"https:\/\/secure.gravatar.com\/avatar\/832881781680da17502289cd375e7ed748dc5338871128fb2a48ede0004dbdef?s=96&d=mm&r=g\",\"contentUrl\":\"https:\/\/secure.gravatar.com\/avatar\/832881781680da17502289cd375e7ed748dc5338871128fb2a48ede0004dbdef?s=96&d=mm&r=g\",\"caption\":\"hannahrank\"},\"url\":\"https:\/\/news.medill.northwestern.edu\/chicago\/author\/hannahrank\/\"}]}<\/script>\n<!-- \/ Yoast SEO plugin. -->","yoast_head_json":{"title":"For Puerto Ricans in Chicago, no one's an island - Medill Reports Chicago","robots":{"index":"index","follow":"follow","max-snippet":"max-snippet:-1","max-image-preview":"max-image-preview:large","max-video-preview":"max-video-preview:-1"},"canonical":"https:\/\/news.medill.northwestern.edu\/chicago\/for-puerto-ricans-in-chicago-no-ones-an-island\/","og_locale":"en_US","og_type":"article","og_title":"For Puerto Ricans in Chicago, no one's an island - Medill Reports Chicago","og_description":"By Hannah Rank and Rebekah Frumkin Jose L\u00f3pez sits comfortably in his wicker chair as a February blizzard rages on outside, the wall behind him a collage of Puerto Rican literature and artifacts. When it comes to his homeland of Puerto Rico, L\u00f3pez has clear ambitions. He wants his countrymen to decide for themselves what [&hellip;]","og_url":"https:\/\/news.medill.northwestern.edu\/chicago\/for-puerto-ricans-in-chicago-no-ones-an-island\/","og_site_name":"Medill Reports Chicago","article_published_time":"2016-03-10T23:21:59+00:00","article_modified_time":"2016-03-11T17:43:41+00:00","og_image":[{"width":1000,"height":650,"url":"https:\/\/s3.amazonaws.com\/medill.wordpress.offload\/WP%20Media%20Folder%20-%20medill-reports-chicago\/wp-content\/uploads\/sites\/3\/2016\/03\/01SteelFlags-e1457644510584.jpg","type":"image\/jpeg"}],"author":"hannahrank","twitter_card":"summary_large_image","twitter_misc":{"Written by":"hannahrank","Est. reading time":"8 minutes"},"schema":{"@context":"https:\/\/schema.org","@graph":[{"@type":"WebPage","@id":"https:\/\/news.medill.northwestern.edu\/chicago\/for-puerto-ricans-in-chicago-no-ones-an-island\/","url":"https:\/\/news.medill.northwestern.edu\/chicago\/for-puerto-ricans-in-chicago-no-ones-an-island\/","name":"For Puerto Ricans in Chicago, no one's an island - Medill Reports Chicago","isPartOf":{"@id":"https:\/\/news.medill.northwestern.edu\/chicago\/#website"},"primaryImageOfPage":{"@id":"https:\/\/news.medill.northwestern.edu\/chicago\/for-puerto-ricans-in-chicago-no-ones-an-island\/#primaryimage"},"image":{"@id":"https:\/\/news.medill.northwestern.edu\/chicago\/for-puerto-ricans-in-chicago-no-ones-an-island\/#primaryimage"},"thumbnailUrl":"https:\/\/s3.amazonaws.com\/medill.wordpress.offload\/WP%20Media%20Folder%20-%20medill-reports-chicago\/wp-content\/uploads\/sites\/3\/2016\/03\/01SteelFlags-e1457644510584.jpg","datePublished":"2016-03-10T23:21:59+00:00","dateModified":"2016-03-11T17:43:41+00:00","author":{"@id":"https:\/\/news.medill.northwestern.edu\/chicago\/#\/schema\/person\/e02e4816508e687a1a47da6f60c6a8c2"},"breadcrumb":{"@id":"https:\/\/news.medill.northwestern.edu\/chicago\/for-puerto-ricans-in-chicago-no-ones-an-island\/#breadcrumb"},"inLanguage":"en-US","potentialAction":[{"@type":"ReadAction","target":["https:\/\/news.medill.northwestern.edu\/chicago\/for-puerto-ricans-in-chicago-no-ones-an-island\/"]}]},{"@type":"ImageObject","inLanguage":"en-US","@id":"https:\/\/news.medill.northwestern.edu\/chicago\/for-puerto-ricans-in-chicago-no-ones-an-island\/#primaryimage","url":"https:\/\/s3.amazonaws.com\/medill.wordpress.offload\/WP%20Media%20Folder%20-%20medill-reports-chicago\/wp-content\/uploads\/sites\/3\/2016\/03\/01SteelFlags-e1457644510584.jpg","contentUrl":"https:\/\/s3.amazonaws.com\/medill.wordpress.offload\/WP%20Media%20Folder%20-%20medill-reports-chicago\/wp-content\/uploads\/sites\/3\/2016\/03\/01SteelFlags-e1457644510584.jpg","width":1000,"height":650},{"@type":"BreadcrumbList","@id":"https:\/\/news.medill.northwestern.edu\/chicago\/for-puerto-ricans-in-chicago-no-ones-an-island\/#breadcrumb","itemListElement":[{"@type":"ListItem","position":1,"name":"Home","item":"https:\/\/news.medill.northwestern.edu\/chicago\/"},{"@type":"ListItem","position":2,"name":"For Puerto Ricans in Chicago, no one&#8217;s an island"}]},{"@type":"WebSite","@id":"https:\/\/news.medill.northwestern.edu\/chicago\/#website","url":"https:\/\/news.medill.northwestern.edu\/chicago\/","name":"Medill Reports Chicago","description":"","potentialAction":[{"@type":"SearchAction","target":{"@type":"EntryPoint","urlTemplate":"https:\/\/news.medill.northwestern.edu\/chicago\/?s={search_term_string}"},"query-input":{"@type":"PropertyValueSpecification","valueRequired":true,"valueName":"search_term_string"}}],"inLanguage":"en-US"},{"@type":"Person","@id":"https:\/\/news.medill.northwestern.edu\/chicago\/#\/schema\/person\/e02e4816508e687a1a47da6f60c6a8c2","name":"hannahrank","image":{"@type":"ImageObject","inLanguage":"en-US","@id":"https:\/\/news.medill.northwestern.edu\/chicago\/#\/schema\/person\/image\/","url":"https:\/\/secure.gravatar.com\/avatar\/832881781680da17502289cd375e7ed748dc5338871128fb2a48ede0004dbdef?s=96&d=mm&r=g","contentUrl":"https:\/\/secure.gravatar.com\/avatar\/832881781680da17502289cd375e7ed748dc5338871128fb2a48ede0004dbdef?s=96&d=mm&r=g","caption":"hannahrank"},"url":"https:\/\/news.medill.northwestern.edu\/chicago\/author\/hannahrank\/"}]}},"_links":{"self":[{"href":"https:\/\/news.medill.northwestern.edu\/chicago\/wp-json\/wp\/v2\/posts\/36956","targetHints":{"allow":["GET"]}}],"collection":[{"href":"https:\/\/news.medill.northwestern.edu\/chicago\/wp-json\/wp\/v2\/posts"}],"about":[{"href":"https:\/\/news.medill.northwestern.edu\/chicago\/wp-json\/wp\/v2\/types\/post"}],"author":[{"embeddable":true,"href":"https:\/\/news.medill.northwestern.edu\/chicago\/wp-json\/wp\/v2\/users\/212"}],"replies":[{"embeddable":true,"href":"https:\/\/news.medill.northwestern.edu\/chicago\/wp-json\/wp\/v2\/comments?post=36956"}],"version-history":[{"count":0,"href":"https:\/\/news.medill.northwestern.edu\/chicago\/wp-json\/wp\/v2\/posts\/36956\/revisions"}],"wp:featuredmedia":[{"embeddable":true,"href":"https:\/\/news.medill.northwestern.edu\/chicago\/wp-json\/wp\/v2\/media\/37093"}],"wp:attachment":[{"href":"https:\/\/news.medill.northwestern.edu\/chicago\/wp-json\/wp\/v2\/media?parent=36956"}],"wp:term":[{"taxonomy":"category","embeddable":true,"href":"https:\/\/news.medill.northwestern.edu\/chicago\/wp-json\/wp\/v2\/categories?post=36956"},{"taxonomy":"post_tag","embeddable":true,"href":"https:\/\/news.medill.northwestern.edu\/chicago\/wp-json\/wp\/v2\/tags?post=36956"}],"curies":[{"name":"wp","href":"https:\/\/api.w.org\/{rel}","templated":true}]}}