{"id":78617,"date":"2019-04-02T09:57:49","date_gmt":"2019-04-02T14:57:49","guid":{"rendered":"https:\/\/news.medill.northwestern.edu\/chicago\/?p=78617"},"modified":"2019-04-02T16:44:44","modified_gmt":"2019-04-02T21:44:44","slug":"meet-chef-roberto-perez-revitalizing-chicagos-puerto-rican-food-scene","status":"publish","type":"post","link":"https:\/\/news.medill.northwestern.edu\/chicago\/meet-chef-roberto-perez-revitalizing-chicagos-puerto-rican-food-scene\/","title":{"rendered":"Meet Chef Roberto P\u00e9rez: Revitalizing Chicago\u2019s Puerto Rican food scene"},"content":{"rendered":"<p><strong>By Justin Agrelo<\/strong><br \/>\n<em>Medill Reports<\/em><\/p>\n<p class=\"dropcap\">Puerto Rican chef Roberto P\u00e9rez doesn\u2019t eat pork.<\/p>\n<p>He confesses this to me from behind the steering wheel of his black Volvo on a cold Monday a few weeks ago. We\u2019re driving through Chicago\u2019s Austin neighborhood to Rico Fresh, one of P\u00e9rez\u2019s favorite grocery stores.<\/p>\n<p>His confession is an obvious break from a stale Puerto Rican stereotype that claims we all love pork. As a Puerto Rican who doesn\u2019t eat much pork myself, P\u00e9rez\u2019s views on \u201cthe swine\u201d (as he calls it) don\u2019t surprise me. But because people are defined just as much by choices they abstain from as they are by what they choose to enjoy, I ask him about it.<!--more--><\/p>\n<p>\u201cWait, why don\u2019t you eat pork?\u201d<\/p>\n<p>\u201cBecause of what it symbolizes,\u201d he says. \u201cPork is the symbol of the Spanish colonial power.\u201d<\/p>\n<p>\u201cBut Puerto Ricans <em>love<\/em> pork,\u201d I say.<\/p>\n<p><em>\u201c<\/em>Puerto Ricans <em>love<\/em> pork,\u201d he agrees. \u201cAnd I like pork a lot too. I could make some damn good pork. But Puerto Rican cooking is more than pork.\u201d<\/p>\n<figure id=\"attachment_78638\" aria-describedby=\"caption-attachment-78638\" style=\"width: 474px\" class=\"wp-caption aligncenter\"><img fetchpriority=\"high\" decoding=\"async\" class=\"wp-image-78638 size-large\" src=\"https:\/\/news.medill.northwestern.edu\/chicago\/wp-content\/uploads\/sites\/3\/2019\/03\/IMG_9909-1-1024x682.jpg\" alt=\"\" width=\"474\" height=\"316\" srcset=\"https:\/\/news.medill.northwestern.edu\/chicago\/wp-content\/uploads\/sites\/3\/2019\/03\/IMG_9909-1-1024x682.jpg 1024w, https:\/\/news.medill.northwestern.edu\/chicago\/wp-content\/uploads\/sites\/3\/2019\/03\/IMG_9909-1-300x200.jpg 300w, https:\/\/news.medill.northwestern.edu\/chicago\/wp-content\/uploads\/sites\/3\/2019\/03\/IMG_9909-1-768x512.jpg 768w, https:\/\/news.medill.northwestern.edu\/chicago\/wp-content\/uploads\/sites\/3\/2019\/03\/IMG_9909-1.jpg 1100w\" sizes=\"(max-width: 474px) 100vw, 474px\" \/><figcaption id=\"caption-attachment-78638\" class=\"wp-caption-text\">P\u00e9rez\u00a0in his kitchen in his home kitchen in the Austin neighborhood. He is showing me all that goes into one of his cooking classes and meals (Justin Agrelo\/Medill).<\/figcaption><\/figure>\n<p>And it is this idea\u2014that Puerto Rican cooking is much more than its traditional dishes, much more than typical recipes, much more than contemporary imaginations have allowed it to be\u2014that guides P\u00e9rez\u2019s work.<\/p>\n<p>P\u00e9rez, 44, is the founder of Urban Pil\u00f3n, a culinary business that offers catering, private dinners, and cooking classes. The main goals of his classes are to teach people how to make Puerto Rican food with fresher, more natural ingredients while also expanding their ideas about what Puerto Rican food can be. P\u00e9rez sees Urban Pil\u00f3n as a vehicle to help revitalize Chicago\u2019s Puerto Rican food scene&#8211;a scene he sees as stuck in the past.<\/p>\n<p>One look at his Instagram and you\u2019ll see his vision put into practice. It\u2019s full of dishes you won\u2019t find at any Puerto Rican restaurant in town. Dishes like shrimp in creole sauce on cassava dumplings or taro root bread pudding with coconut. He recently hosted a dinner with a menu made entirely of \u00a0Puerto Rican dishes from the 19<sup>th<\/sup> century.<\/p>\n<figure id=\"attachment_78641\" aria-describedby=\"caption-attachment-78641\" style=\"width: 474px\" class=\"wp-caption aligncenter\"><img decoding=\"async\" class=\"wp-image-78641 size-large\" src=\"https:\/\/news.medill.northwestern.edu\/chicago\/wp-content\/uploads\/sites\/3\/2019\/03\/fried_plantains-1-1024x682.jpg\" alt=\"\" width=\"474\" height=\"316\" srcset=\"https:\/\/s3.amazonaws.com\/medill.wordpress.offload\/WP%20Media%20Folder%20-%20medill-reports-chicago\/wp-content\/uploads\/sites\/3\/2019\/03\/fried_plantains-1-1024x682.jpg 1024w, https:\/\/s3.amazonaws.com\/medill.wordpress.offload\/WP%20Media%20Folder%20-%20medill-reports-chicago\/wp-content\/uploads\/sites\/3\/2019\/03\/fried_plantains-1-300x200.jpg 300w, https:\/\/s3.amazonaws.com\/medill.wordpress.offload\/WP%20Media%20Folder%20-%20medill-reports-chicago\/wp-content\/uploads\/sites\/3\/2019\/03\/fried_plantains-1-768x512.jpg 768w, https:\/\/s3.amazonaws.com\/medill.wordpress.offload\/WP%20Media%20Folder%20-%20medill-reports-chicago\/wp-content\/uploads\/sites\/3\/2019\/03\/fried_plantains-1.jpg 1100w\" sizes=\"(max-width: 474px) 100vw, 474px\" \/><figcaption id=\"caption-attachment-78641\" class=\"wp-caption-text\">These fried plantains will be used to make monfongo, a traditional Puerto Rican dish. Perez mixes them with boiled yuca to add texture and an update to the dish (Justin Agrelo\/Medill).<\/figcaption><\/figure>\n<p>What his Instagrams won\u2019t tell you is that P\u00e9rez never planned on being a chef. He was born in West Town, but like many other <a href=\"http:\/\/periodismoinvestigativo.com\/2019\/03\/puerto-ricans-in-chicago-the-stories-of-struggle-and-survival-go-on\/\">Puerto Ricans in Chicago<\/a>, he was gentrified out of the neighborhood where he grew up. He attended the University of Illinois at Chicago, studied political science and figured he\u2019d become a politician. \u201cYou know, I wanted to change society\u2019s problems and so I thought that politics might be it,\u201d he says. \u201cI learned the hard way it wasn\u2019t.\u201d<\/p>\n<p>Urban Pil\u00f3n is the amalgamation of several food-related experiences that were happening in his life all around the same time.<\/p>\n<p>In 2012, P\u00e9rez\u2019s son got sick and needed to stick to a strict diet. This forced him to have to learn how to cook meals he had never made before. It also shifted everything he thought about food. He found himself reading labels and researching ingredients with weird names\u2014something he had never done before. \u201cI was not going to make something that was going to make him sick,\u201d he says. \u201cI didn\u2019t want any gray area.\u201d<\/p>\n<figure id=\"attachment_78640\" aria-describedby=\"caption-attachment-78640\" style=\"width: 474px\" class=\"wp-caption aligncenter\"><img decoding=\"async\" class=\"wp-image-78640 size-large\" src=\"https:\/\/news.medill.northwestern.edu\/chicago\/wp-content\/uploads\/sites\/3\/2019\/03\/Mofongo-1024x682.jpg\" alt=\"\" width=\"474\" height=\"316\" srcset=\"https:\/\/news.medill.northwestern.edu\/chicago\/wp-content\/uploads\/sites\/3\/2019\/03\/Mofongo-1024x682.jpg 1024w, https:\/\/news.medill.northwestern.edu\/chicago\/wp-content\/uploads\/sites\/3\/2019\/03\/Mofongo-300x200.jpg 300w, https:\/\/news.medill.northwestern.edu\/chicago\/wp-content\/uploads\/sites\/3\/2019\/03\/Mofongo-768x512.jpg 768w, https:\/\/news.medill.northwestern.edu\/chicago\/wp-content\/uploads\/sites\/3\/2019\/03\/Mofongo.jpg 1100w\" sizes=\"(max-width: 474px) 100vw, 474px\" \/><figcaption id=\"caption-attachment-78640\" class=\"wp-caption-text\">P\u00e9rez mixes fried plantains and boiled yuca using the pil\u00f3n&#8211;a pestle and mortar&#8211;as he makes one of his signature mofongos (Justin Agrelo\/Medill).<\/figcaption><\/figure>\n<p>Reading food labels quickly became a habit. He soon realized many of the iconic, commercial seasonings such as saz\u00f3n and adodo that he and other Latinx people grew up eating are stuffed with artificial ingredients and additives.<\/p>\n<p>\u201cSaz\u00f3n, that little orange packet, has yellow and red dye in it,\u201d he says. \u201cThose food dyes in a lot of European countries are prohibited. It\u2019s against the law and it\u2019s become part of our diet. It\u2019s pretty scary.\u201d<\/p>\n<p>P\u00e9rez also realized that he liked cooking &#8212; a lot. It slowly grew from a chore life had forced on him into a full-blown passion. He began reading cookbooks, following food blogs, researching chefs and studying their techniques, watching YouTube videos, pulling wisdom from older people in his life, and traveling around the Caribbean and Latin America in search of inspiration.<\/p>\n<figure id=\"attachment_78642\" aria-describedby=\"caption-attachment-78642\" style=\"width: 474px\" class=\"wp-caption aligncenter\"><img loading=\"lazy\" decoding=\"async\" class=\"wp-image-78642 size-large\" src=\"https:\/\/news.medill.northwestern.edu\/chicago\/wp-content\/uploads\/sites\/3\/2019\/03\/side-salad-1024x682.jpg\" alt=\"\" width=\"474\" height=\"316\" srcset=\"https:\/\/news.medill.northwestern.edu\/chicago\/wp-content\/uploads\/sites\/3\/2019\/03\/side-salad-1024x682.jpg 1024w, https:\/\/news.medill.northwestern.edu\/chicago\/wp-content\/uploads\/sites\/3\/2019\/03\/side-salad-300x200.jpg 300w, https:\/\/news.medill.northwestern.edu\/chicago\/wp-content\/uploads\/sites\/3\/2019\/03\/side-salad-768x512.jpg 768w, https:\/\/news.medill.northwestern.edu\/chicago\/wp-content\/uploads\/sites\/3\/2019\/03\/side-salad.jpg 1100w\" sizes=\"(max-width: 474px) 100vw, 474px\" \/><figcaption id=\"caption-attachment-78642\" class=\"wp-caption-text\">P\u00e9rez scoops out the insides of a Caribbean avocado and adds it to a side salad (Justin Agrelo\/Medill).<\/figcaption><\/figure>\n<p>Around this time P\u00e9rez was also searching for the best mofongo in Chicago, but couldn\u2019t find a restaurant that served one he thought was good enough. After surveying several Puerto Rican restaurants in town, P\u00e9rez began to feel as though he was reading the same menu over and over again.<\/p>\n<p>\u201cThere\u2019s clich\u00e9, clich\u00e9 meals in Chicago,\u201d he says. \u201cYou go to any [Puerto Rican] restaurant and you\u2019re going to see the same clich\u00e9 things,&#8221; he says. &#8220;You\u2019re going to see arroz con gandules. It\u2019s good, but there\u2019s also 20-something different ways to make rice.\u201d<\/p>\n<p>He began to get frustrated. Not only by his inability to find an amazing mofongo, but also by what he saw as a lack of innovation and creativity within Chicago\u2019s Puerto Rican restaurants.<\/p>\n<p>Then one day he was parked in front of his son\u2019s school, talking on the phone with his friend Angel. They realized they both shared these same frustrations. \u201cWe felt like [Puerto Rican food] did not evolve in Chicago. And we were like \u2018f**k it then. We\u2019re going to have to do it ourselves.\u2019 And so that\u2019s where Urban Pil\u00f3n was born.\u201d<\/p>\n<figure id=\"attachment_78636\" aria-describedby=\"caption-attachment-78636\" style=\"width: 474px\" class=\"wp-caption aligncenter\"><img loading=\"lazy\" decoding=\"async\" class=\"wp-image-78636 size-large\" src=\"https:\/\/news.medill.northwestern.edu\/chicago\/wp-content\/uploads\/sites\/3\/2019\/03\/Pilon-Dish-1024x682.jpg\" alt=\"\" width=\"474\" height=\"316\" srcset=\"https:\/\/s3.amazonaws.com\/medill.wordpress.offload\/WP%20Media%20Folder%20-%20medill-reports-chicago\/wp-content\/uploads\/sites\/3\/2019\/03\/Pilon-Dish-1024x682.jpg 1024w, https:\/\/s3.amazonaws.com\/medill.wordpress.offload\/WP%20Media%20Folder%20-%20medill-reports-chicago\/wp-content\/uploads\/sites\/3\/2019\/03\/Pilon-Dish-300x200.jpg 300w, https:\/\/s3.amazonaws.com\/medill.wordpress.offload\/WP%20Media%20Folder%20-%20medill-reports-chicago\/wp-content\/uploads\/sites\/3\/2019\/03\/Pilon-Dish-768x512.jpg 768w, https:\/\/s3.amazonaws.com\/medill.wordpress.offload\/WP%20Media%20Folder%20-%20medill-reports-chicago\/wp-content\/uploads\/sites\/3\/2019\/03\/Pilon-Dish.jpg 1100w\" sizes=\"(max-width: 474px) 100vw, 474px\" \/><figcaption id=\"caption-attachment-78636\" class=\"wp-caption-text\">The dish P\u00e9rez and I make at his house. It&#8217;s sea bass topped with a creole sauce, stuffed with grilled shrimp, and a side of mofongo de yuca, all on a banana leaf and an edible flower (Justin Agrelo\/Medill).<\/figcaption><\/figure>\n<p>P\u00e9rez says he feels a lot of these restaurants are \u201cstuck in the 80s.&#8221; That their menus haven&#8217;t seemed to have changed much over time and many of them serve the same traditional Puerto Rican dishes. Perez travels to Puerto Rico often to visit his mom who lives in Ponce or to perform with his band, Bomba con Buya.\u00a0 He says the restaurants in Puerto Rico are much more innovative and creative than the Puerto Rican restaurants in Chicago.<\/p>\n<p>&#8220;If you had the chance to eat in Puerto Rico, then you realize that things are going good,&#8221; he says. &#8220;But I don\u2019t think that for Chicago. Maybe it\u2019s because we\u2019re in the diaspora. Maybe it\u2019s the distance. But I don\u2019t think [Puerto Rican food in Chicago has] evolved&#8221; the way it has in Puerto Rico.<\/p>\n<p>Puerto Rican food historian Cruz Miguel Ort\u00edz-Cuadra is the author of the book <em>Eating Puerto Rico,<\/em> which chronicles the history of food and eating habits of Puerto Ricans.<\/p>\n<p>Ort\u00edz-Cuadra agrees that being in the diaspora has had a real impact on Puerto Rican food in Chicago. He says the menus in Chicago\u2019s Puerto Rican restaurants seem like they haven\u2019t changed much over time because of the interconnected relationship between food and identity.<\/p>\n<p>\u201cIdentity isn\u2019t something fixed,\u201d he says. \u201cFood is an identity builder. [Chicago] Puerto Ricans, although they weren\u2019t born in Puerto Rico, they still feel they are Puerto Rican&#8230; [they] use food as an identity builder or as a connector to the past\u2014to their parents or grandparents.\u201d<\/p>\n<figure id=\"attachment_78643\" aria-describedby=\"caption-attachment-78643\" style=\"width: 474px\" class=\"wp-caption aligncenter\"><img loading=\"lazy\" decoding=\"async\" class=\"wp-image-78643 size-large\" src=\"https:\/\/news.medill.northwestern.edu\/chicago\/wp-content\/uploads\/sites\/3\/2019\/03\/Perez-grabbing-food-items-1024x682.jpg\" alt=\"\" width=\"474\" height=\"316\" srcset=\"https:\/\/s3.amazonaws.com\/medill.wordpress.offload\/WP%20Media%20Folder%20-%20medill-reports-chicago\/wp-content\/uploads\/sites\/3\/2019\/03\/Perez-grabbing-food-items-1024x682.jpg 1024w, https:\/\/s3.amazonaws.com\/medill.wordpress.offload\/WP%20Media%20Folder%20-%20medill-reports-chicago\/wp-content\/uploads\/sites\/3\/2019\/03\/Perez-grabbing-food-items-300x200.jpg 300w, https:\/\/s3.amazonaws.com\/medill.wordpress.offload\/WP%20Media%20Folder%20-%20medill-reports-chicago\/wp-content\/uploads\/sites\/3\/2019\/03\/Perez-grabbing-food-items-768x512.jpg 768w, https:\/\/s3.amazonaws.com\/medill.wordpress.offload\/WP%20Media%20Folder%20-%20medill-reports-chicago\/wp-content\/uploads\/sites\/3\/2019\/03\/Perez-grabbing-food-items.jpg 1100w\" sizes=\"(max-width: 474px) 100vw, 474px\" \/><figcaption id=\"caption-attachment-78643\" class=\"wp-caption-text\">P\u00e9rez searching through the cabinets in his kitchen. When Urban Pil\u00f3n first started, P\u00e9rez used to host cooking classes out of this kitchen (Justin Agrelo\/Medill).<\/figcaption><\/figure>\n<p>Ort\u00edz-Cuadra says many Puerto Ricans who are born and raised in the U.S. may experience a loss of Puerto Rican national identity. Cooking the same, iconic dishes becomes a tool for Puerto Ricans in the U.S. mainland to claim and assert their ethnic identity in a country where they constantly have to negotiate if they are Puerto Rican or not.<\/p>\n<p>Memory and nostalgia also play an important role in these conventional menus, according to Ort\u00edz-Cuadra. Puerto Ricans in Chicago want to eat foods they grew up with but may not always want to (or even know how to) cook these foods themselves. These restaurants provide a space to satisfy that longing.<\/p>\n<p>In many ways, these iconic Puerto Rican dishes are symbols of resilience and cultural preservation\u2014foods that have withstood the forces of migration and assimilation in an erasure-prone-city like Chicago.<\/p>\n<p><iframe title=\"Urban Pilon Class\" src=\"https:\/\/player.vimeo.com\/video\/325069119?dnt=1&amp;app_id=122963\" width=\"800\" height=\"450\" frameborder=\"0\" allow=\"autoplay; fullscreen\" allowfullscreen><\/iframe><\/p>\n<p>Ort\u00edz-Cuadra disagrees with the idea that these iconic Puerto Rican food dishes remain unchanged in Chicago, though. He says that while the names might remain the same, the foods themselves have in-fact changed over time. He points to coquito, a traditional Puerto Rican drink made during the holidays. \u201cThe name coquito exists in Puerto Rico and in Chicago and New York City. But now they add [new ingredients]. It doesn\u2019t resemble the original coquito but it has the same name. Creativity is going forward always.\u201d<\/p>\n<p>P\u00e9rez is a great example of Puerto Rican creativity always moving forward. When we arrive at Rico Fresh, he heads straight for the produce. He holds up two bright bell peppers&#8211;one red and one green. He says we&#8217;re going to make a deconstructed sofrito tonight (a sauce that is the base of many Puerto Rican dishes). Sofrito is typically made with only green bell peppers, but Perez says he doesn\u2019t like his sofrito \u201cjust green,&#8221; A small example of how adhering to the traditional rules of Puerto Rican cooking doesn&#8217;t interest him.<\/p>\n<figure id=\"attachment_78625\" aria-describedby=\"caption-attachment-78625\" style=\"width: 474px\" class=\"wp-caption aligncenter\"><img loading=\"lazy\" decoding=\"async\" class=\"wp-image-78625 size-large\" src=\"https:\/\/news.medill.northwestern.edu\/chicago\/wp-content\/uploads\/sites\/3\/2019\/03\/Perez_Teaching_RESIZED-1024x682.jpg\" alt=\"\" width=\"474\" height=\"316\" srcset=\"https:\/\/news.medill.northwestern.edu\/chicago\/wp-content\/uploads\/sites\/3\/2019\/03\/Perez_Teaching_RESIZED-1024x682.jpg 1024w, https:\/\/news.medill.northwestern.edu\/chicago\/wp-content\/uploads\/sites\/3\/2019\/03\/Perez_Teaching_RESIZED-300x200.jpg 300w, https:\/\/news.medill.northwestern.edu\/chicago\/wp-content\/uploads\/sites\/3\/2019\/03\/Perez_Teaching_RESIZED-768x512.jpg 768w, https:\/\/news.medill.northwestern.edu\/chicago\/wp-content\/uploads\/sites\/3\/2019\/03\/Perez_Teaching_RESIZED.jpg 1100w\" sizes=\"(max-width: 474px) 100vw, 474px\" \/><figcaption id=\"caption-attachment-78625\" class=\"wp-caption-text\">P\u00e9rez teaching his adult cooking class in the kitchen of San Lucas Church in Humboldt Park.<\/figcaption><\/figure>\n<p>He is wearing a dark pea coat and dark pants. There\u2019s a familiarity in the way P\u00e9rez speaks\u2014the way he uses \u201cman\u201d at the end of a statement to emphasize a point. His demeanor is calm and careful even when he\u2019s being critical. He pauses in the middle of his sentences and seems to be choosing his words wisely. But it&#8217;s not in a way that makes you feel like he\u2019s afraid of candor or saying something politically incorrect. It\u2019s almost as if he wants his words to land gently\u2014free of discomfort, awkwardness, and pain. A habit he likely picked up from his time as a teacher. Since starting Urban Pil\u00f3n, P\u00e9rez has been teaching cooking classes to both adults and kids throughout the year.<\/p>\n<p>I get to see P\u00e9rez &#8220;the teacher\u201d twice. The first time is after we leave Rico Fresh. We head back to his house and enter through a side door that opens into a large dining room.\u00a0 During the early days of Urban Pil\u00f3n, Perez used to host his classes in his home. Now, they&#8217;re held in the basement of San Lucas Church in Humboldt Park.<\/p>\n<p>When we enter his house, we\u2019re greeted by his energetic puppy, Layla, a two-year-old boxer who won\u2019t stop jumping on me no matter how much we both plead with her.<\/p>\n<figure id=\"attachment_78639\" aria-describedby=\"caption-attachment-78639\" style=\"width: 474px\" class=\"wp-caption aligncenter\"><img loading=\"lazy\" decoding=\"async\" class=\"wp-image-78639 size-large\" src=\"https:\/\/news.medill.northwestern.edu\/chicago\/wp-content\/uploads\/sites\/3\/2019\/03\/Pilons-1024x682.jpg\" alt=\"\" width=\"474\" height=\"316\" srcset=\"https:\/\/s3.amazonaws.com\/medill.wordpress.offload\/WP%20Media%20Folder%20-%20medill-reports-chicago\/wp-content\/uploads\/sites\/3\/2019\/03\/Pilons-1024x682.jpg 1024w, https:\/\/s3.amazonaws.com\/medill.wordpress.offload\/WP%20Media%20Folder%20-%20medill-reports-chicago\/wp-content\/uploads\/sites\/3\/2019\/03\/Pilons-300x200.jpg 300w, https:\/\/s3.amazonaws.com\/medill.wordpress.offload\/WP%20Media%20Folder%20-%20medill-reports-chicago\/wp-content\/uploads\/sites\/3\/2019\/03\/Pilons-768x512.jpg 768w, https:\/\/s3.amazonaws.com\/medill.wordpress.offload\/WP%20Media%20Folder%20-%20medill-reports-chicago\/wp-content\/uploads\/sites\/3\/2019\/03\/Pilons.jpg 1100w\" sizes=\"(max-width: 474px) 100vw, 474px\" \/><figcaption id=\"caption-attachment-78639\" class=\"wp-caption-text\">The shelf of pil\u00f3ns in Perez&#8217;s kitchen. Some were gifts from friends and others her purchased himself.<\/figcaption><\/figure>\n<p>There\u2019s a mural on the wall opposite the entrance that says \u201ccocinando suave,\u201d painted in large orange and red bubble letters. Above the mural is a shelf full of wooden pil\u00f3ns (mortars and pestles)\u2014a symbol in Perez\u2019s cooking and brand. He knows the origin of each pil\u00f3n by heart. Reading them from left to right, he lists which country each one is from and the person who gifted it to him.\u00a0 Haiti, the Dominican Republic, India, Mozambique, Kenya, Zimbabwe, San Thomas, Mexico, and Ghana are some of the countries represented on the shelf.<\/p>\n<p>Not long after we step inside, P\u00e9rez throws on a cooking shirt and we get to work. He stops to teach me a technique on how to cut open plantains without a struggle (the trick is to cut along the ridges and then set them under running, warm water for about 7 minutes).<\/p>\n<figure id=\"attachment_78627\" aria-describedby=\"caption-attachment-78627\" style=\"width: 474px\" class=\"wp-caption aligncenter\"><img loading=\"lazy\" decoding=\"async\" class=\"wp-image-78627 size-large\" src=\"https:\/\/news.medill.northwestern.edu\/chicago\/wp-content\/uploads\/sites\/3\/2019\/03\/students-having-fun-1024x682.jpg\" alt=\"\" width=\"474\" height=\"316\" srcset=\"https:\/\/news.medill.northwestern.edu\/chicago\/wp-content\/uploads\/sites\/3\/2019\/03\/students-having-fun-1024x682.jpg 1024w, https:\/\/news.medill.northwestern.edu\/chicago\/wp-content\/uploads\/sites\/3\/2019\/03\/students-having-fun-300x200.jpg 300w, https:\/\/news.medill.northwestern.edu\/chicago\/wp-content\/uploads\/sites\/3\/2019\/03\/students-having-fun-768x512.jpg 768w, https:\/\/news.medill.northwestern.edu\/chicago\/wp-content\/uploads\/sites\/3\/2019\/03\/students-having-fun.jpg 1100w\" sizes=\"(max-width: 474px) 100vw, 474px\" \/><figcaption id=\"caption-attachment-78627\" class=\"wp-caption-text\">Students in P\u00e9rez&#8217;s Urban Pil\u00f3n cooking class. Jasmine Rivera (red turtle neck) uses a large pilon to help prepare the night&#8217;s meal (Justin Agrelo\/Medill)<\/figcaption><\/figure>\n<p>Cooking with P\u00e9rez is part cooking class, part history lesson. He tells me about the first documentation of mofongo, the importance of yuca to the Tainos, how to make my own adobe free of harmful additives, how it\u2019s only foods people of color eat that get an \u201cunhealthy\u201d label.<\/p>\n<p>I drop into one of his classes the following Thursday. He&#8217;s standing in front of the class sharing some of history with a group of students. He tells them an anecdote about why Puerto Ricans call bananas &#8220;guineo&#8221; and oranges &#8220;china&#8221;&#8211;both have something to do with trade.<\/p>\n<p>We meet in an industrial kitchen at the bottom of the church. The class is made up of 10 students &#8211; eight women, and two men. Most of them are Latinx. The group is lively and waste no time telling jokes and opening bottles of wine and champagne. A small wireless speaker fills the room with salsa music. The class feels less like school and more like a dinner party.<\/p>\n<p>Perez gives the students a chance to introduce themselves to the group. In her introduction, one student, Anette Fuller, a nurse, calls Perez a \u201cgem for our community.\u201d She later tells me why.<\/p>\n<figure id=\"attachment_78632\" aria-describedby=\"caption-attachment-78632\" style=\"width: 474px\" class=\"wp-caption aligncenter\"><img loading=\"lazy\" decoding=\"async\" class=\"wp-image-78632 size-large\" src=\"https:\/\/news.medill.northwestern.edu\/chicago\/wp-content\/uploads\/sites\/3\/2019\/03\/students_cook2-1024x682.jpg\" alt=\"\" width=\"474\" height=\"316\" srcset=\"https:\/\/s3.amazonaws.com\/medill.wordpress.offload\/WP%20Media%20Folder%20-%20medill-reports-chicago\/wp-content\/uploads\/sites\/3\/2019\/03\/students_cook2-1024x682.jpg 1024w, https:\/\/s3.amazonaws.com\/medill.wordpress.offload\/WP%20Media%20Folder%20-%20medill-reports-chicago\/wp-content\/uploads\/sites\/3\/2019\/03\/students_cook2-300x200.jpg 300w, https:\/\/s3.amazonaws.com\/medill.wordpress.offload\/WP%20Media%20Folder%20-%20medill-reports-chicago\/wp-content\/uploads\/sites\/3\/2019\/03\/students_cook2-768x512.jpg 768w, https:\/\/s3.amazonaws.com\/medill.wordpress.offload\/WP%20Media%20Folder%20-%20medill-reports-chicago\/wp-content\/uploads\/sites\/3\/2019\/03\/students_cook2.jpg 1100w\" sizes=\"(max-width: 474px) 100vw, 474px\" \/><figcaption id=\"caption-attachment-78632\" class=\"wp-caption-text\">Anette Fuller (black shirt), is a student in Perez&#8217;s class. She helps a classmate break up some culantro leaves used to make sofrito (Justin Agrelo\/ Medill).<\/figcaption><\/figure>\n<p>\u201cFirst of all you don\u2019t see many men who cook, many men who are sharing with the community,\u201d she says. \u201cHe\u2019s a positive role model for Chicago and I think what he\u2019s doing it should be expanded.\u201d<\/p>\n<p>Fuller, 40, was born in Puerto Rico but grew up in Chicago. She says P\u00e9rez\u2019s ability to both maintain and expand Puerto Rican food, while cutting out harmful ingredients is what drew her to his work.<\/p>\n<p>Jasmine Rivera, 31, a Chicago mom who owns and operates a photo booth company, says she heard about Urban Pil\u00f3n on social media. \u201cEverybody I know has been coming to his classes,\u201d she says, smiling.<\/p>\n<p>Rivera is Puerto Rican too and, like P\u00e9rez, was born and raised in Chicago. Rivera sees her time in P\u00e9rez classes as the start of her own food journey. She hopes to open a food truck one day and wanted the space to learn how to make Puerto Rican food more naturally. Something important to her because of the health issues that run in her family.<\/p>\n<figure id=\"attachment_78622\" aria-describedby=\"caption-attachment-78622\" style=\"width: 474px\" class=\"wp-caption aligncenter\"><img loading=\"lazy\" decoding=\"async\" class=\"wp-image-78622 size-large\" src=\"https:\/\/news.medill.northwestern.edu\/chicago\/wp-content\/uploads\/sites\/3\/2019\/03\/Cutting-Culantro-1024x682.jpg\" alt=\"\" width=\"474\" height=\"316\" srcset=\"https:\/\/s3.amazonaws.com\/medill.wordpress.offload\/WP%20Media%20Folder%20-%20medill-reports-chicago\/wp-content\/uploads\/sites\/3\/2019\/03\/Cutting-Culantro-1024x682.jpg 1024w, https:\/\/s3.amazonaws.com\/medill.wordpress.offload\/WP%20Media%20Folder%20-%20medill-reports-chicago\/wp-content\/uploads\/sites\/3\/2019\/03\/Cutting-Culantro-300x200.jpg 300w, https:\/\/s3.amazonaws.com\/medill.wordpress.offload\/WP%20Media%20Folder%20-%20medill-reports-chicago\/wp-content\/uploads\/sites\/3\/2019\/03\/Cutting-Culantro-768x512.jpg 768w, https:\/\/s3.amazonaws.com\/medill.wordpress.offload\/WP%20Media%20Folder%20-%20medill-reports-chicago\/wp-content\/uploads\/sites\/3\/2019\/03\/Cutting-Culantro.jpg 1100w\" sizes=\"(max-width: 474px) 100vw, 474px\" \/><figcaption id=\"caption-attachment-78622\" class=\"wp-caption-text\">Jasmine Rivera cuts culantro leaves to help make sofrito. She says she&#8217;s taking P\u00e9rez&#8217;s class to learn how to cook Puerto Rican food more naturally (Justin Agrelo\/ Medill).<\/figcaption><\/figure>\n<p>\u201cMy grandma has diabetes. She\u2019s had three strokes and she\u2019s a breast cancer survivor. She\u2019s been through a lot,\u201d Rivera says. \u201cNow everything is so fake. Everything is so artificial. Everything you intake is dangerous for you, basically. I wanted to learn how to cook differently with different ingredients rather than packed ingredients.\u201d<\/p>\n<p>P\u00e9rez sees the classes as a tool for upending predominating stereotypes of Puerto Rican food. He says his classes actively work to &#8220;break that stigma about our food being simple or being unhealthy or being the same 10 f**king dishes over and over again. The educational part is so important.\u201d<\/p>\n<figure id=\"attachment_78631\" aria-describedby=\"caption-attachment-78631\" style=\"width: 474px\" class=\"wp-caption aligncenter\"><img loading=\"lazy\" decoding=\"async\" class=\"wp-image-78631 size-large\" src=\"https:\/\/news.medill.northwestern.edu\/chicago\/wp-content\/uploads\/sites\/3\/2019\/03\/Perez_in-window-1024x682.jpg\" alt=\"\" width=\"474\" height=\"316\" srcset=\"https:\/\/news.medill.northwestern.edu\/chicago\/wp-content\/uploads\/sites\/3\/2019\/03\/Perez_in-window-1024x682.jpg 1024w, https:\/\/news.medill.northwestern.edu\/chicago\/wp-content\/uploads\/sites\/3\/2019\/03\/Perez_in-window-300x200.jpg 300w, https:\/\/news.medill.northwestern.edu\/chicago\/wp-content\/uploads\/sites\/3\/2019\/03\/Perez_in-window-768x512.jpg 768w, https:\/\/news.medill.northwestern.edu\/chicago\/wp-content\/uploads\/sites\/3\/2019\/03\/Perez_in-window.jpg 1100w\" sizes=\"(max-width: 474px) 100vw, 474px\" \/><figcaption id=\"caption-attachment-78631\" class=\"wp-caption-text\">P\u00e9rez&#8217;s cooking students gather around a table and help prepare the night&#8217;s meal.<\/figcaption><\/figure>\n<p>P\u00e9rez believes the lack of cooking classes that teach people how to make Puerto Rican food without relying on the same old recipes that call for processed, packaged ingredients as a serious void. A void he is trying to fill.<\/p>\n<p>Filling this void is what motivates him most. \u201cI\u2019m not trying to make a fast buck,&#8221; he says. &#8220;I\u2019m just trying to ride out my passion and then just hope that it brings me success.\u201d<\/p>\n<p><em>Listen to an audio version of this story below:\u00a0<\/em><\/p>\n<p><iframe title=\"Urban Pilon Profile by Justin Agrelo\" width=\"800\" height=\"400\" scrolling=\"no\" frameborder=\"no\" src=\"https:\/\/w.soundcloud.com\/player\/?visual=true&#038;url=https%3A%2F%2Fapi.soundcloud.com%2Ftracks%2F593240697&#038;show_artwork=true&#038;maxwidth=800&#038;maxheight=1000&#038;dnt=1\"><\/iframe><\/p>\n<div class=\"infogram-embed\" data-id=\"10a00559-c3f9-47e3-b52b-f18a2ee5f899\" data-type=\"interactive\" data-title=\"Puerto Ricans in Chicago\"><\/div>\n<p>&nbsp;<\/p>\n<div class=\"infogram-embed\" data-id=\"10a00559-c3f9-47e3-b52b-f18a2ee5f899\" data-type=\"interactive\" data-title=\"Puerto Ricans in Chicago\"><\/div>\n<p><script>!function(e,t,s,i){var n=\"InfogramEmbeds\",o=e.getElementsByTagName(\"script\")[0],d=\/^http:\/.test(e.location)?\"http:\":\"https:\";if(\/^\\\/{2}\/.test(i)&&(i=d+i),window[n]&&window[n].initialized)window[n].process&&window[n].process();else if(!e.getElementById(s)){var r=e.createElement(\"script\");r.async=1,r.id=s,r.src=i,o.parentNode.insertBefore(r,o)}}(document,0,\"infogram-async\",\"https:\/\/e.infogram.com\/js\/dist\/embed-loader-min.js\");<\/script><\/p>\n<div style=\"padding: 8px 0; font-family: Arial!important; font-size: 13px!important; line-height: 15px!important; text-align: center; border-top: 1px solid #dadada; margin: 0 30px;\"><a style=\"color: #989898!important; text-decoration: none!important;\" href=\"https:\/\/infogram.com\/10a00559-c3f9-47e3-b52b-f18a2ee5f899\" target=\"_blank\" rel=\"noopener noreferrer\">Puerto Ricans in Chicago<\/a><br \/>\n<a style=\"color: #989898!important; text-decoration: none!important;\" href=\"https:\/\/infogram.com\" target=\"_blank\" rel=\"nofollow noopener noreferrer\">Infogram<\/a><\/div>\n<div class=\"featurecaption\">Photo at top:\u00a0 Chef Roberto P\u00e9rez teaches a class in the bottom of San Lucas Church in Humboldt Park through his company Urban Pil\u00f3n (Justin Agrelo\/Medill).<\/div>\n","protected":false},"excerpt":{"rendered":"<p>By Justin Agrelo Medill Reports Puerto Rican chef Roberto P\u00e9rez doesn\u2019t eat pork. He confesses this to me from behind the steering wheel of his black Volvo on a cold Monday a few weeks ago. We\u2019re driving through Chicago\u2019s Austin neighborhood to Rico Fresh, one of P\u00e9rez\u2019s favorite grocery stores. His confession is an obvious [&hellip;]<\/p>\n","protected":false},"author":559,"featured_media":78635,"comment_status":"closed","ping_status":"closed","sticky":false,"template":"","format":"standard","meta":{"footnotes":""},"categories":[194,27,28,30,675,4559],"tags":[192],"class_list":["post-78617","post","type-post","status-publish","format-standard","has-post-thumbnail","hentry","category-arts-culture","category-business","category-general-interest","category-public-affairs","category-social-justice","category-winter-2019","tag-promo"],"yoast_head":"<!-- This site is optimized with the Yoast SEO plugin v26.6 - https:\/\/yoast.com\/wordpress\/plugins\/seo\/ -->\n<title>Meet Chef Roberto P\u00e9rez: Revitalizing Chicago\u2019s Puerto Rican food scene - Medill Reports Chicago<\/title>\n<meta name=\"robots\" content=\"index, follow, max-snippet:-1, max-image-preview:large, max-video-preview:-1\" \/>\n<link rel=\"canonical\" href=\"https:\/\/news.medill.northwestern.edu\/chicago\/meet-chef-roberto-perez-revitalizing-chicagos-puerto-rican-food-scene\/\" \/>\n<meta property=\"og:locale\" content=\"en_US\" \/>\n<meta property=\"og:type\" content=\"article\" \/>\n<meta property=\"og:title\" content=\"Meet Chef Roberto P\u00e9rez: Revitalizing Chicago\u2019s Puerto Rican food scene - Medill Reports Chicago\" \/>\n<meta property=\"og:description\" content=\"By Justin Agrelo Medill Reports Puerto Rican chef Roberto P\u00e9rez doesn\u2019t eat pork. He confesses this to me from behind the steering wheel of his black Volvo on a cold Monday a few weeks ago. We\u2019re driving through Chicago\u2019s Austin neighborhood to Rico Fresh, one of P\u00e9rez\u2019s favorite grocery stores. His confession is an obvious [&hellip;]\" \/>\n<meta property=\"og:url\" content=\"https:\/\/news.medill.northwestern.edu\/chicago\/meet-chef-roberto-perez-revitalizing-chicagos-puerto-rican-food-scene\/\" \/>\n<meta property=\"og:site_name\" content=\"Medill Reports Chicago\" \/>\n<meta property=\"article:published_time\" content=\"2019-04-02T14:57:49+00:00\" \/>\n<meta property=\"article:modified_time\" content=\"2019-04-02T21:44:44+00:00\" \/>\n<meta property=\"og:image\" content=\"https:\/\/news.medill.northwestern.edu\/chicago\/wp-content\/uploads\/sites\/3\/2019\/03\/Perez-Feature.jpg\" \/>\n\t<meta property=\"og:image:width\" content=\"1100\" \/>\n\t<meta property=\"og:image:height\" content=\"733\" \/>\n\t<meta property=\"og:image:type\" content=\"image\/jpeg\" \/>\n<meta name=\"author\" content=\"justinagrelo2019\" \/>\n<meta name=\"twitter:card\" content=\"summary_large_image\" \/>\n<meta name=\"twitter:label1\" content=\"Written by\" \/>\n\t<meta name=\"twitter:data1\" content=\"justinagrelo2019\" \/>\n\t<meta name=\"twitter:label2\" content=\"Est. reading time\" \/>\n\t<meta name=\"twitter:data2\" content=\"14 minutes\" \/>\n<script type=\"application\/ld+json\" class=\"yoast-schema-graph\">{\"@context\":\"https:\/\/schema.org\",\"@graph\":[{\"@type\":\"WebPage\",\"@id\":\"https:\/\/news.medill.northwestern.edu\/chicago\/meet-chef-roberto-perez-revitalizing-chicagos-puerto-rican-food-scene\/\",\"url\":\"https:\/\/news.medill.northwestern.edu\/chicago\/meet-chef-roberto-perez-revitalizing-chicagos-puerto-rican-food-scene\/\",\"name\":\"Meet Chef Roberto P\u00e9rez: Revitalizing Chicago\u2019s Puerto Rican food scene - Medill Reports Chicago\",\"isPartOf\":{\"@id\":\"https:\/\/news.medill.northwestern.edu\/chicago\/#website\"},\"primaryImageOfPage\":{\"@id\":\"https:\/\/news.medill.northwestern.edu\/chicago\/meet-chef-roberto-perez-revitalizing-chicagos-puerto-rican-food-scene\/#primaryimage\"},\"image\":{\"@id\":\"https:\/\/news.medill.northwestern.edu\/chicago\/meet-chef-roberto-perez-revitalizing-chicagos-puerto-rican-food-scene\/#primaryimage\"},\"thumbnailUrl\":\"https:\/\/news.medill.northwestern.edu\/chicago\/wp-content\/uploads\/sites\/3\/2019\/03\/Perez-Feature.jpg\",\"datePublished\":\"2019-04-02T14:57:49+00:00\",\"dateModified\":\"2019-04-02T21:44:44+00:00\",\"author\":{\"@id\":\"https:\/\/news.medill.northwestern.edu\/chicago\/#\/schema\/person\/7a1742166ef88ec640743f454a9f6cca\"},\"breadcrumb\":{\"@id\":\"https:\/\/news.medill.northwestern.edu\/chicago\/meet-chef-roberto-perez-revitalizing-chicagos-puerto-rican-food-scene\/#breadcrumb\"},\"inLanguage\":\"en-US\",\"potentialAction\":[{\"@type\":\"ReadAction\",\"target\":[\"https:\/\/news.medill.northwestern.edu\/chicago\/meet-chef-roberto-perez-revitalizing-chicagos-puerto-rican-food-scene\/\"]}]},{\"@type\":\"ImageObject\",\"inLanguage\":\"en-US\",\"@id\":\"https:\/\/news.medill.northwestern.edu\/chicago\/meet-chef-roberto-perez-revitalizing-chicagos-puerto-rican-food-scene\/#primaryimage\",\"url\":\"https:\/\/news.medill.northwestern.edu\/chicago\/wp-content\/uploads\/sites\/3\/2019\/03\/Perez-Feature.jpg\",\"contentUrl\":\"https:\/\/news.medill.northwestern.edu\/chicago\/wp-content\/uploads\/sites\/3\/2019\/03\/Perez-Feature.jpg\",\"width\":1100,\"height\":733,\"caption\":\"Chef Roberto Perez teaches a class in the bottom of San Lucas Church in Humboldt Park through his company Urban Pilon (Justin Agrelo \/ Medill).\"},{\"@type\":\"BreadcrumbList\",\"@id\":\"https:\/\/news.medill.northwestern.edu\/chicago\/meet-chef-roberto-perez-revitalizing-chicagos-puerto-rican-food-scene\/#breadcrumb\",\"itemListElement\":[{\"@type\":\"ListItem\",\"position\":1,\"name\":\"Home\",\"item\":\"https:\/\/news.medill.northwestern.edu\/chicago\/\"},{\"@type\":\"ListItem\",\"position\":2,\"name\":\"Meet Chef Roberto P\u00e9rez: Revitalizing Chicago\u2019s Puerto Rican food scene\"}]},{\"@type\":\"WebSite\",\"@id\":\"https:\/\/news.medill.northwestern.edu\/chicago\/#website\",\"url\":\"https:\/\/news.medill.northwestern.edu\/chicago\/\",\"name\":\"Medill Reports Chicago\",\"description\":\"\",\"potentialAction\":[{\"@type\":\"SearchAction\",\"target\":{\"@type\":\"EntryPoint\",\"urlTemplate\":\"https:\/\/news.medill.northwestern.edu\/chicago\/?s={search_term_string}\"},\"query-input\":{\"@type\":\"PropertyValueSpecification\",\"valueRequired\":true,\"valueName\":\"search_term_string\"}}],\"inLanguage\":\"en-US\"},{\"@type\":\"Person\",\"@id\":\"https:\/\/news.medill.northwestern.edu\/chicago\/#\/schema\/person\/7a1742166ef88ec640743f454a9f6cca\",\"name\":\"justinagrelo2019\",\"image\":{\"@type\":\"ImageObject\",\"inLanguage\":\"en-US\",\"@id\":\"https:\/\/news.medill.northwestern.edu\/chicago\/#\/schema\/person\/image\/\",\"url\":\"https:\/\/secure.gravatar.com\/avatar\/63a8cae36c718f2a312602cb1ad87207cefb4459f47c193634a0f97ef70288fc?s=96&d=mm&r=g\",\"contentUrl\":\"https:\/\/secure.gravatar.com\/avatar\/63a8cae36c718f2a312602cb1ad87207cefb4459f47c193634a0f97ef70288fc?s=96&d=mm&r=g\",\"caption\":\"justinagrelo2019\"},\"url\":\"https:\/\/news.medill.northwestern.edu\/chicago\/author\/justinagrelo2019\/\"}]}<\/script>\n<!-- \/ Yoast SEO plugin. -->","yoast_head_json":{"title":"Meet Chef Roberto P\u00e9rez: Revitalizing Chicago\u2019s Puerto Rican food scene - Medill Reports Chicago","robots":{"index":"index","follow":"follow","max-snippet":"max-snippet:-1","max-image-preview":"max-image-preview:large","max-video-preview":"max-video-preview:-1"},"canonical":"https:\/\/news.medill.northwestern.edu\/chicago\/meet-chef-roberto-perez-revitalizing-chicagos-puerto-rican-food-scene\/","og_locale":"en_US","og_type":"article","og_title":"Meet Chef Roberto P\u00e9rez: Revitalizing Chicago\u2019s Puerto Rican food scene - Medill Reports Chicago","og_description":"By Justin Agrelo Medill Reports Puerto Rican chef Roberto P\u00e9rez doesn\u2019t eat pork. He confesses this to me from behind the steering wheel of his black Volvo on a cold Monday a few weeks ago. We\u2019re driving through Chicago\u2019s Austin neighborhood to Rico Fresh, one of P\u00e9rez\u2019s favorite grocery stores. His confession is an obvious [&hellip;]","og_url":"https:\/\/news.medill.northwestern.edu\/chicago\/meet-chef-roberto-perez-revitalizing-chicagos-puerto-rican-food-scene\/","og_site_name":"Medill Reports Chicago","article_published_time":"2019-04-02T14:57:49+00:00","article_modified_time":"2019-04-02T21:44:44+00:00","og_image":[{"width":1100,"height":733,"url":"https:\/\/news.medill.northwestern.edu\/chicago\/wp-content\/uploads\/sites\/3\/2019\/03\/Perez-Feature.jpg","type":"image\/jpeg"}],"author":"justinagrelo2019","twitter_card":"summary_large_image","twitter_misc":{"Written by":"justinagrelo2019","Est. reading time":"14 minutes"},"schema":{"@context":"https:\/\/schema.org","@graph":[{"@type":"WebPage","@id":"https:\/\/news.medill.northwestern.edu\/chicago\/meet-chef-roberto-perez-revitalizing-chicagos-puerto-rican-food-scene\/","url":"https:\/\/news.medill.northwestern.edu\/chicago\/meet-chef-roberto-perez-revitalizing-chicagos-puerto-rican-food-scene\/","name":"Meet Chef Roberto P\u00e9rez: Revitalizing Chicago\u2019s Puerto Rican food scene - Medill Reports Chicago","isPartOf":{"@id":"https:\/\/news.medill.northwestern.edu\/chicago\/#website"},"primaryImageOfPage":{"@id":"https:\/\/news.medill.northwestern.edu\/chicago\/meet-chef-roberto-perez-revitalizing-chicagos-puerto-rican-food-scene\/#primaryimage"},"image":{"@id":"https:\/\/news.medill.northwestern.edu\/chicago\/meet-chef-roberto-perez-revitalizing-chicagos-puerto-rican-food-scene\/#primaryimage"},"thumbnailUrl":"https:\/\/news.medill.northwestern.edu\/chicago\/wp-content\/uploads\/sites\/3\/2019\/03\/Perez-Feature.jpg","datePublished":"2019-04-02T14:57:49+00:00","dateModified":"2019-04-02T21:44:44+00:00","author":{"@id":"https:\/\/news.medill.northwestern.edu\/chicago\/#\/schema\/person\/7a1742166ef88ec640743f454a9f6cca"},"breadcrumb":{"@id":"https:\/\/news.medill.northwestern.edu\/chicago\/meet-chef-roberto-perez-revitalizing-chicagos-puerto-rican-food-scene\/#breadcrumb"},"inLanguage":"en-US","potentialAction":[{"@type":"ReadAction","target":["https:\/\/news.medill.northwestern.edu\/chicago\/meet-chef-roberto-perez-revitalizing-chicagos-puerto-rican-food-scene\/"]}]},{"@type":"ImageObject","inLanguage":"en-US","@id":"https:\/\/news.medill.northwestern.edu\/chicago\/meet-chef-roberto-perez-revitalizing-chicagos-puerto-rican-food-scene\/#primaryimage","url":"https:\/\/news.medill.northwestern.edu\/chicago\/wp-content\/uploads\/sites\/3\/2019\/03\/Perez-Feature.jpg","contentUrl":"https:\/\/news.medill.northwestern.edu\/chicago\/wp-content\/uploads\/sites\/3\/2019\/03\/Perez-Feature.jpg","width":1100,"height":733,"caption":"Chef Roberto Perez teaches a class in the bottom of San Lucas Church in Humboldt Park through his company Urban Pilon (Justin Agrelo \/ Medill)."},{"@type":"BreadcrumbList","@id":"https:\/\/news.medill.northwestern.edu\/chicago\/meet-chef-roberto-perez-revitalizing-chicagos-puerto-rican-food-scene\/#breadcrumb","itemListElement":[{"@type":"ListItem","position":1,"name":"Home","item":"https:\/\/news.medill.northwestern.edu\/chicago\/"},{"@type":"ListItem","position":2,"name":"Meet Chef Roberto P\u00e9rez: Revitalizing Chicago\u2019s Puerto Rican food scene"}]},{"@type":"WebSite","@id":"https:\/\/news.medill.northwestern.edu\/chicago\/#website","url":"https:\/\/news.medill.northwestern.edu\/chicago\/","name":"Medill Reports Chicago","description":"","potentialAction":[{"@type":"SearchAction","target":{"@type":"EntryPoint","urlTemplate":"https:\/\/news.medill.northwestern.edu\/chicago\/?s={search_term_string}"},"query-input":{"@type":"PropertyValueSpecification","valueRequired":true,"valueName":"search_term_string"}}],"inLanguage":"en-US"},{"@type":"Person","@id":"https:\/\/news.medill.northwestern.edu\/chicago\/#\/schema\/person\/7a1742166ef88ec640743f454a9f6cca","name":"justinagrelo2019","image":{"@type":"ImageObject","inLanguage":"en-US","@id":"https:\/\/news.medill.northwestern.edu\/chicago\/#\/schema\/person\/image\/","url":"https:\/\/secure.gravatar.com\/avatar\/63a8cae36c718f2a312602cb1ad87207cefb4459f47c193634a0f97ef70288fc?s=96&d=mm&r=g","contentUrl":"https:\/\/secure.gravatar.com\/avatar\/63a8cae36c718f2a312602cb1ad87207cefb4459f47c193634a0f97ef70288fc?s=96&d=mm&r=g","caption":"justinagrelo2019"},"url":"https:\/\/news.medill.northwestern.edu\/chicago\/author\/justinagrelo2019\/"}]}},"_links":{"self":[{"href":"https:\/\/news.medill.northwestern.edu\/chicago\/wp-json\/wp\/v2\/posts\/78617","targetHints":{"allow":["GET"]}}],"collection":[{"href":"https:\/\/news.medill.northwestern.edu\/chicago\/wp-json\/wp\/v2\/posts"}],"about":[{"href":"https:\/\/news.medill.northwestern.edu\/chicago\/wp-json\/wp\/v2\/types\/post"}],"author":[{"embeddable":true,"href":"https:\/\/news.medill.northwestern.edu\/chicago\/wp-json\/wp\/v2\/users\/559"}],"replies":[{"embeddable":true,"href":"https:\/\/news.medill.northwestern.edu\/chicago\/wp-json\/wp\/v2\/comments?post=78617"}],"version-history":[{"count":0,"href":"https:\/\/news.medill.northwestern.edu\/chicago\/wp-json\/wp\/v2\/posts\/78617\/revisions"}],"wp:featuredmedia":[{"embeddable":true,"href":"https:\/\/news.medill.northwestern.edu\/chicago\/wp-json\/wp\/v2\/media\/78635"}],"wp:attachment":[{"href":"https:\/\/news.medill.northwestern.edu\/chicago\/wp-json\/wp\/v2\/media?parent=78617"}],"wp:term":[{"taxonomy":"category","embeddable":true,"href":"https:\/\/news.medill.northwestern.edu\/chicago\/wp-json\/wp\/v2\/categories?post=78617"},{"taxonomy":"post_tag","embeddable":true,"href":"https:\/\/news.medill.northwestern.edu\/chicago\/wp-json\/wp\/v2\/tags?post=78617"}],"curies":[{"name":"wp","href":"https:\/\/api.w.org\/{rel}","templated":true}]}}